{"id":347045,"date":"2025-10-23T18:13:46","date_gmt":"2025-10-23T22:13:46","guid":{"rendered":"https:\/\/www.decorilla.com\/online-decorating\/?p=347045"},"modified":"2025-10-27T10:25:40","modified_gmt":"2025-10-27T14:25:40","slug":"fundacion-hortensia-herrero","status":"publish","type":"post","link":"https:\/\/www.decorilla.com\/online-decorating\/es\/fundacion-hortensia-herrero\/","title":{"rendered":"Fundaci\u00f3n Hortensia Herrero a la vanguardia del renacimiento cultural de Valencia"},"content":{"rendered":"\n<figure class=\"wp-block-image size-large\"><img loading=\"lazy\" decoding=\"async\" width=\"1024\" height=\"792\" src=\"https:\/\/cdn.decorilla.com\/online-decorating\/wp-content\/uploads\/2025\/10\/Hortensia-Herrero-Art-Center-exhibition-image-courtesy-CAHH-1024x792.jpg?width=900\" alt=\"Exposici\u00f3n en el Centro de Arte Hortensia Herrero, imagen cortes\u00eda de CAHH\" class=\"wp-image-346953\" srcset=\"https:\/\/www.decorilla.com\/online-decorating\/wp-content\/uploads\/2025\/10\/Hortensia-Herrero-Art-Center-exhibition-image-courtesy-CAHH-1024x792.jpg 1024w, https:\/\/www.decorilla.com\/online-decorating\/wp-content\/uploads\/2025\/10\/Hortensia-Herrero-Art-Center-exhibition-image-courtesy-CAHH-300x232.jpg 300w, https:\/\/www.decorilla.com\/online-decorating\/wp-content\/uploads\/2025\/10\/Hortensia-Herrero-Art-Center-exhibition-image-courtesy-CAHH-768x594.jpg 768w, https:\/\/www.decorilla.com\/online-decorating\/wp-content\/uploads\/2025\/10\/Hortensia-Herrero-Art-Center-exhibition-image-courtesy-CAHH-1536x1188.jpg 1536w, https:\/\/www.decorilla.com\/online-decorating\/wp-content\/uploads\/2025\/10\/Hortensia-Herrero-Art-Center-exhibition-image-courtesy-CAHH.jpg 1730w\" sizes=\"(max-width: 1024px) 100vw, 1024px\" \/><figcaption class=\"wp-element-caption\">Exposici\u00f3n en el Centro de Arte Hortensia Herrero; imagen cortes\u00eda: CAHH<\/figcaption><\/figure>\n\n\n\n<p>En el coraz\u00f3n de Valencia, donde los artesanos medievales una vez dieron forma a la identidad cultural de la ciudad, se est\u00e1 produciendo una transformaci\u00f3n notable. La Fundaci\u00f3n Hortensia Herrero, establecida en 2012, ha estado dando nueva vida a monumentos centenarios, mientras posiciona a Valencia como un destino de arte contempor\u00e1neo digno de reconocimiento internacional.<\/p>\n\n\n\n<h2 class=\"wp-block-heading\"><strong>Una misi\u00f3n personal hecha p\u00fablica<\/strong><\/h2>\n\n\n\n<figure class=\"wp-block-image size-large\"><img loading=\"lazy\" decoding=\"async\" width=\"1024\" height=\"682\" src=\"https:\/\/www.decorilla.com\/online-decorating\/wp-content\/uploads\/2025\/10\/Hortensia-Herrero-image-courtesy-CAHH-1024x682.jpg\" alt=\"Hortensia Herrero, imagen cortes\u00eda de CAHH\" class=\"wp-image-346942\" srcset=\"https:\/\/www.decorilla.com\/online-decorating\/wp-content\/uploads\/2025\/10\/Hortensia-Herrero-image-courtesy-CAHH-1024x682.jpg 1024w, https:\/\/www.decorilla.com\/online-decorating\/wp-content\/uploads\/2025\/10\/Hortensia-Herrero-image-courtesy-CAHH-300x200.jpg 300w, https:\/\/www.decorilla.com\/online-decorating\/wp-content\/uploads\/2025\/10\/Hortensia-Herrero-image-courtesy-CAHH-768x512.jpg 768w, https:\/\/www.decorilla.com\/online-decorating\/wp-content\/uploads\/2025\/10\/Hortensia-Herrero-image-courtesy-CAHH-1536x1023.jpg 1536w, https:\/\/www.decorilla.com\/online-decorating\/wp-content\/uploads\/2025\/10\/Hortensia-Herrero-image-courtesy-CAHH.jpg 2048w\" sizes=\"(max-width: 1024px) 100vw, 1024px\" \/><figcaption class=\"wp-element-caption\">Hortensia Herrero; imagen cortes\u00eda: CAHH<\/figcaption><\/figure>\n\n\n\n<p>La historia comienza con la propia Hortensia Herrero, vicepresidenta y copropietaria de una de las cadenas de supermercados m\u00e1s grandes de Espa\u00f1a. Su pasi\u00f3n por coleccionar ha evolucionado hacia algo mucho m\u00e1s ambicioso: una visi\u00f3n integral para el renacimiento cultural que toca cada rinc\u00f3n de la sociedad valenciana, desde ni\u00f1os con necesidades especiales practicando ballet hasta turistas que descubren arte contempor\u00e1neo de clase mundial en un palacio del siglo XVII meticulosamente restaurado.<\/p>\n\n\n\n<figure class=\"wp-block-image size-large\"><img loading=\"lazy\" decoding=\"async\" width=\"1024\" height=\"840\" src=\"https:\/\/www.decorilla.com\/online-decorating\/wp-content\/uploads\/2025\/10\/Artist-Olafur-Eliasson-Installation-Tunnel-for-Unfolding-Time-on-display-at-the-Hortensia-Herrero-Art-Center-1024x840.jpg\" alt=\"Artista: Olafur Eliasson Instalaci\u00f3n: T\u00fanel para Desplegar el Tiempo en exhibici\u00f3n en el Centro de Arte Hortensia Herrero\" class=\"wp-image-347032\" srcset=\"https:\/\/www.decorilla.com\/online-decorating\/wp-content\/uploads\/2025\/10\/Artist-Olafur-Eliasson-Installation-Tunnel-for-Unfolding-Time-on-display-at-the-Hortensia-Herrero-Art-Center-1024x840.jpg 1024w, https:\/\/www.decorilla.com\/online-decorating\/wp-content\/uploads\/2025\/10\/Artist-Olafur-Eliasson-Installation-Tunnel-for-Unfolding-Time-on-display-at-the-Hortensia-Herrero-Art-Center-300x246.jpg 300w, https:\/\/www.decorilla.com\/online-decorating\/wp-content\/uploads\/2025\/10\/Artist-Olafur-Eliasson-Installation-Tunnel-for-Unfolding-Time-on-display-at-the-Hortensia-Herrero-Art-Center-768x630.jpg 768w, https:\/\/www.decorilla.com\/online-decorating\/wp-content\/uploads\/2025\/10\/Artist-Olafur-Eliasson-Installation-Tunnel-for-Unfolding-Time-on-display-at-the-Hortensia-Herrero-Art-Center.jpg 1191w\" sizes=\"(max-width: 1024px) 100vw, 1024px\" \/><figcaption class=\"wp-element-caption\">Instalaci\u00f3n en el Centro de Arte Hortensia Herrero&nbsp;<em>T\u00fanel para Desplegar el Tiempo<\/em> de Olafur Eliasson, foto cortes\u00eda de <strong><a href=\"https:\/\/www.decorilla.com\/?from=blog-HortensiaHerrero-cap1\">Decorilla<\/a><\/strong><\/figcaption><\/figure>\n\n\n\n<p>Lo que distingue a la <a href=\"https:\/\/www.fundacionhortensiaherrero.org\/\">Fundaci\u00f3n Hortensia Herrero<\/a> de muchas instituciones culturales es su naturaleza profundamente personal. Como la \u00fanica patrocinadora de la Fundaci\u00f3n, Herrero canaliza su visi\u00f3n filantr\u00f3pica a trav\u00e9s de tres pilares cuidadosamente elegidos: la restauraci\u00f3n del patrimonio art\u00edstico y cultural, la danza y el arte contempor\u00e1neo. Esta trinidad refleja no solo una planificaci\u00f3n estrat\u00e9gica, sino una genuina pasi\u00f3n por compartir experiencias culturales transformadoras con la sociedad.<\/p>\n\n\n\n<figure class=\"wp-block-image size-large\"><img loading=\"lazy\" decoding=\"async\" width=\"1024\" height=\"768\" src=\"https:\/\/www.decorilla.com\/online-decorating\/wp-content\/uploads\/2025\/10\/Hortensia-Herrero-Art-Center-1-1024x768.jpg\" alt=\"Instalaciones del Centro de Arte Hortensia Herrero; Das schwarzbraune Lied (izquierda) y B\u00fcndel (derecha) de Georg Baselitz, foto cortes\u00eda de Decorilla\" class=\"wp-image-347033\" srcset=\"https:\/\/www.decorilla.com\/online-decorating\/wp-content\/uploads\/2025\/10\/Hortensia-Herrero-Art-Center-1-1024x768.jpg 1024w, https:\/\/www.decorilla.com\/online-decorating\/wp-content\/uploads\/2025\/10\/Hortensia-Herrero-Art-Center-1-300x225.jpg 300w, https:\/\/www.decorilla.com\/online-decorating\/wp-content\/uploads\/2025\/10\/Hortensia-Herrero-Art-Center-1-768x576.jpg 768w, https:\/\/www.decorilla.com\/online-decorating\/wp-content\/uploads\/2025\/10\/Hortensia-Herrero-Art-Center-1-1536x1152.jpg 1536w, https:\/\/www.decorilla.com\/online-decorating\/wp-content\/uploads\/2025\/10\/Hortensia-Herrero-Art-Center-1.jpg 1600w\" sizes=\"(max-width: 1024px) 100vw, 1024px\" \/><figcaption class=\"wp-element-caption\">Instalaciones del Centro de Arte Hortensia Herrero; <em>Das schwarzbraune Lied<\/em> (izquierda) y <em>B\u00fcndel<\/em> (derecha) de Georg Baselitz, foto cortes\u00eda de <strong><a href=\"https:\/\/www.decorilla.com\/?from=blog-HortensiaHerrero-cap1\">Decorilla<\/a><\/strong><\/figcaption><\/figure>\n\n\n\n<p>&#8220;El objetivo final siempre es acercar el arte y la cultura al p\u00fablico y ayudar a hacer de Valencia un referente cultural&#8221;, afirma la Fundaci\u00f3n, pero esta modesta declaraci\u00f3n subestima el alcance de lo logrado en poco m\u00e1s de una d\u00e9cada. Tambi\u00e9n representa un modelo que Herrero encontr\u00f3 durante su visita a Dallas en 2013 para la apertura de &#8220;Sorolla y Am\u00e9rica&#8221;. All\u00ed, fue testigo de primera mano del poder transformador de devolver a la sociedad lo que esta te ha dado.<\/p>\n\n\n\n<h2 class=\"wp-block-heading\"><strong>La Joya de la Corona: Un Palacio de Paradojas<\/strong><\/h2>\n\n\n\n<figure class=\"wp-block-image size-large\"><img loading=\"lazy\" decoding=\"async\" width=\"1024\" height=\"801\" src=\"https:\/\/www.decorilla.com\/online-decorating\/wp-content\/uploads\/2025\/10\/Palacio-Valeriola-image-courtesy-Fundacion-Hortensia-Herrero-1024x801.jpg\" alt=\"Palacio Valeriola, imagen cortes\u00eda Fundaci\u00f3n Hortensia Herrero\" class=\"wp-image-346946\" srcset=\"https:\/\/www.decorilla.com\/online-decorating\/wp-content\/uploads\/2025\/10\/Palacio-Valeriola-image-courtesy-Fundacion-Hortensia-Herrero-1024x801.jpg 1024w, https:\/\/www.decorilla.com\/online-decorating\/wp-content\/uploads\/2025\/10\/Palacio-Valeriola-image-courtesy-Fundacion-Hortensia-Herrero-300x235.jpg 300w, https:\/\/www.decorilla.com\/online-decorating\/wp-content\/uploads\/2025\/10\/Palacio-Valeriola-image-courtesy-Fundacion-Hortensia-Herrero-768x601.jpg 768w, https:\/\/www.decorilla.com\/online-decorating\/wp-content\/uploads\/2025\/10\/Palacio-Valeriola-image-courtesy-Fundacion-Hortensia-Herrero-1536x1201.jpg 1536w, https:\/\/www.decorilla.com\/online-decorating\/wp-content\/uploads\/2025\/10\/Palacio-Valeriola-image-courtesy-Fundacion-Hortensia-Herrero.jpg 1928w\" sizes=\"(max-width: 1024px) 100vw, 1024px\" \/><figcaption class=\"wp-element-caption\">Palacio Valeriola; imagen cortes\u00eda: Fundaci\u00f3n Hortensia Herrero<\/figcaption><\/figure>\n\n\n\n<p><a href=\"https:\/\/www.cahh.es\/\">El Centro de Arte Hortensia Herrero (CAHH)<\/a>, que abri\u00f3 en 2023, ejemplifica la capacidad de la Fundaci\u00f3n para entrelazar pasado y presente de maneras que se sienten sorprendentes pero inevitables. La transformaci\u00f3n de 40 millones de euros del ruinoso Palacio Valeriola en un espacio de arte contempor\u00e1neo de 3,500 metros cuadrados tom\u00f3 m\u00e1s de cinco a\u00f1os para completarse. Sin embargo, el verdadero milagro reside en lo que se descubri\u00f3 a lo largo del camino.<\/p>\n\n\n\n<figure class=\"wp-block-image size-large\"><img loading=\"lazy\" decoding=\"async\" width=\"1024\" height=\"410\" src=\"https:\/\/www.decorilla.com\/online-decorating\/wp-content\/uploads\/2025\/10\/Palacio-Valeriola-restoration-phases-image-courtesy-Fundacion-Hortensia-Herrero-1024x410.jpg\" alt=\"Fases de restauraci\u00f3n del Palacio Valeriola, imagen cortes\u00eda de la Fundaci\u00f3n Hortensia Herrero\" class=\"wp-image-346945\" srcset=\"https:\/\/www.decorilla.com\/online-decorating\/wp-content\/uploads\/2025\/10\/Palacio-Valeriola-restoration-phases-image-courtesy-Fundacion-Hortensia-Herrero-1024x410.jpg 1024w, https:\/\/www.decorilla.com\/online-decorating\/wp-content\/uploads\/2025\/10\/Palacio-Valeriola-restoration-phases-image-courtesy-Fundacion-Hortensia-Herrero-300x120.jpg 300w, https:\/\/www.decorilla.com\/online-decorating\/wp-content\/uploads\/2025\/10\/Palacio-Valeriola-restoration-phases-image-courtesy-Fundacion-Hortensia-Herrero-768x307.jpg 768w, https:\/\/www.decorilla.com\/online-decorating\/wp-content\/uploads\/2025\/10\/Palacio-Valeriola-restoration-phases-image-courtesy-Fundacion-Hortensia-Herrero-1536x614.jpg 1536w, https:\/\/www.decorilla.com\/online-decorating\/wp-content\/uploads\/2025\/10\/Palacio-Valeriola-restoration-phases-image-courtesy-Fundacion-Hortensia-Herrero.jpg 2000w\" sizes=\"(max-width: 1024px) 100vw, 1024px\" \/><figcaption class=\"wp-element-caption\">Fases de restauraci\u00f3n del Palacio Valeriola; imagen cortes\u00eda: Fundaci\u00f3n Hortensia Herrero<\/figcaption><\/figure>\n\n\n\n<p>Cuando ERRE Arquitectura, el estudio de Valencia dirigido por la hija de Herrero, Amparo Roig, y Jos\u00e9 Mart\u00ed, comenz\u00f3 su trabajo, desenterraron capa tras capa de historia: restos de un circo romano completo con el cr\u00e1neo de un caballo sacrificado, un patio isl\u00e1mico del siglo XI con una fuente de ocho puntas, un horno medieval que conten\u00eda huesos de pescado y c\u00e1scaras de huevo, y trazas del antiguo barrio jud\u00edo. En lugar de tratar estos tesoros como obst\u00e1culos o aislarlos en exhibiciones separadas, crearon un di\u00e1logo fluido entre \u00e9pocas.<\/p>\n\n\n\n<figure class=\"wp-block-image size-large\"><img loading=\"lazy\" decoding=\"async\" width=\"1024\" height=\"637\" src=\"https:\/\/www.decorilla.com\/online-decorating\/wp-content\/uploads\/2025\/10\/Palacio-Valeriola-restoration-image-courtesy-CAHH-1024x637.jpg\" alt=\"Restauraci\u00f3n del Palacio Valeriola, imagen cortes\u00eda CAHH\" class=\"wp-image-346944\" srcset=\"https:\/\/www.decorilla.com\/online-decorating\/wp-content\/uploads\/2025\/10\/Palacio-Valeriola-restoration-image-courtesy-CAHH-1024x637.jpg 1024w, https:\/\/www.decorilla.com\/online-decorating\/wp-content\/uploads\/2025\/10\/Palacio-Valeriola-restoration-image-courtesy-CAHH-300x187.jpg 300w, https:\/\/www.decorilla.com\/online-decorating\/wp-content\/uploads\/2025\/10\/Palacio-Valeriola-restoration-image-courtesy-CAHH-768x478.jpg 768w, https:\/\/www.decorilla.com\/online-decorating\/wp-content\/uploads\/2025\/10\/Palacio-Valeriola-restoration-image-courtesy-CAHH.jpg 1469w\" sizes=\"(max-width: 1024px) 100vw, 1024px\" \/><figcaption class=\"wp-element-caption\">Restauraci\u00f3n del Palacio Valeriola; imagen cortes\u00eda: CAHH<\/figcaption><\/figure>\n\n\n\n<p>Esta re-inscripci\u00f3n arqueol\u00f3gica se convirti\u00f3 en la base para un centro de arte contempor\u00e1neo. Dentro de \u00e9l, la instalaci\u00f3n LED de Mat Collishaw juega con los restos reales del circo romano, representando caballos galopantes. Los alfabetos de acero de Jaume Plensa crean una segunda piel que celebra la diversidad ling\u00fc\u00edstica en las antiguas paredes. Al lado, las nubes de vidrio coloreado de Tom\u00e1s Saraceno proyectan un arco iris de luz sobre ladrillos centenarios.<\/p>\n\n\n<div class=\"decorilla-newvideo-row\">\n    <a href=\"\/online-interior-design-process?from=blog-HortensiaHerrero-bannerhowitworks&pi=MzQ3MDQ1\">\n        <video class=\"desktop-video\" autoplay loop muted playsinline width=\"100%\" height=\"100%\">\n            <source src=\"https:\/\/www.decorilla.com\/online-decorating\/wp-content\/uploads\/2025\/10\/how-it-works-banner-desktop-v2.mp4\" type=\"video\/mp4\">\n            <source src=\"https:\/\/www.decorilla.com\/online-decorating\/wp-content\/uploads\/2025\/10\/how-it-works-banner-desktop-v2.mp4\" type=\"video\/webm\">\n            Your browser does not support the video tag.\n        <\/video>\n        <video class=\"mobile-video\" autoplay loop muted playsinline width=\"100%\" height=\"100%\">\n            <source src=\"https:\/\/www.decorilla.com\/online-decorating\/wp-content\/uploads\/2025\/10\/how-it-works-banner-mobile-v3.mp4\" type=\"video\/mp4\">\n            <source src=\"https:\/\/www.decorilla.com\/online-decorating\/wp-content\/uploads\/2025\/10\/how-it-works-banner-mobile-v3.mp4\" type=\"video\/webm\">\n            Your browser does not support the video tag.\n        <\/video>\n    <\/a>\n<\/div>\n<style>\n    .mobile-video { display: none; }\n    @media (max-width: 767px) {\n        .desktop-video { display: none; }\n        .mobile-video { display: block; }\n    }\n<\/style>\n<script>\n    document.addEventListener('DOMContentLoaded', function() {\n        const mobileVideo = document.querySelector('.mobile-video');\n        const desktopVideo = document.querySelector('.desktop-video');\n\n        function handleVideoAutoplay(video, name) {\n            if (!video) return;\n\n            \/\/ Try to play immediately\n            video.play().catch(function(error) {\n                console.log(name + ' video autoplay failed:', error);\n\n                \/\/ If autoplay fails, try again after user interaction\n                const playOnInteraction = function() {\n                    video.play().catch(console.log);\n                    document.removeEventListener('touchstart', playOnInteraction);\n                    document.removeEventListener('click', playOnInteraction);\n                };\n\n                document.addEventListener('touchstart', playOnInteraction, { once: true });\n                document.addEventListener('click', playOnInteraction, { once: true });\n            });\n\n            \/\/ Also try to play when video is ready\n            video.addEventListener('loadeddata', function() {\n                video.play().catch(console.log);\n            });\n        }\n\n        handleVideoAutoplay(mobileVideo, 'Mobile');\n        handleVideoAutoplay(desktopVideo, 'Desktop');\n    });\n<\/script>\n\n\n\n<h2 class=\"wp-block-heading\"><strong>Construyendo una Colecci\u00f3n, Construyendo Relaciones<\/strong><\/h2>\n\n\n\n<figure class=\"wp-block-image size-large\"><img loading=\"lazy\" decoding=\"async\" width=\"1024\" height=\"689\" src=\"https:\/\/www.decorilla.com\/online-decorating\/wp-content\/uploads\/2025\/10\/Hortensia-Herrero-Art-Center-installation-by-Jaume-Plensa-image-courtesy-CAHH-1024x689.webp\" alt=\"Centro de Arte Hortensia Herrero, instalaci\u00f3n de Jaume Plensa; imagen cortes\u00eda CAHH\" class=\"wp-image-346957\" srcset=\"https:\/\/www.decorilla.com\/online-decorating\/wp-content\/uploads\/2025\/10\/Hortensia-Herrero-Art-Center-installation-by-Jaume-Plensa-image-courtesy-CAHH-1024x689.webp 1024w, https:\/\/www.decorilla.com\/online-decorating\/wp-content\/uploads\/2025\/10\/Hortensia-Herrero-Art-Center-installation-by-Jaume-Plensa-image-courtesy-CAHH-300x202.webp 300w, https:\/\/www.decorilla.com\/online-decorating\/wp-content\/uploads\/2025\/10\/Hortensia-Herrero-Art-Center-installation-by-Jaume-Plensa-image-courtesy-CAHH-768x517.webp 768w, https:\/\/www.decorilla.com\/online-decorating\/wp-content\/uploads\/2025\/10\/Hortensia-Herrero-Art-Center-installation-by-Jaume-Plensa-image-courtesy-CAHH-1536x1034.webp 1536w, https:\/\/www.decorilla.com\/online-decorating\/wp-content\/uploads\/2025\/10\/Hortensia-Herrero-Art-Center-installation-by-Jaume-Plensa-image-courtesy-CAHH.webp 1920w\" sizes=\"(max-width: 1024px) 100vw, 1024px\" \/><figcaption class=\"wp-element-caption\">Centro de Arte Hortensia Herrero, instalaci\u00f3n de Jaume Plensa; imagen cortes\u00eda: CAHH<\/figcaption><\/figure>\n\n\n\n<p>La colecci\u00f3n de arte en s\u00ed misma representa a\u00f1os de cuidadosa cultivaci\u00f3n. Trabajando con el asesor Javier Molins, Herrero reuni\u00f3 obras de pesos pesados internacionales como Anselm Kiefer, Georg Baselitz, David Hockney, Olafur Eliasson y Anish Kapoor. Sin embargo, esto no fue simplemente una adquisici\u00f3n por el mero hecho de adquirir. Muchos artistas fueron comisionados para crear obras espec\u00edficas del lugar que respondan directamente al car\u00e1cter \u00fanico del palacio.<\/p>\n\n\n\n<figure class=\"wp-block-image size-large\"><img loading=\"lazy\" decoding=\"async\" width=\"768\" height=\"1024\" src=\"https:\/\/www.decorilla.com\/online-decorating\/wp-content\/uploads\/2025\/10\/Old-chapel-of-the-Valeriola-Palace-image-courtesy-Decorilla-768x1024.jpg\" alt=\"Capilla antigua del Palacio Valeriola, imagen cortes\u00eda CAHH\" class=\"wp-image-347040\" srcset=\"https:\/\/www.decorilla.com\/online-decorating\/wp-content\/uploads\/2025\/10\/Old-chapel-of-the-Valeriola-Palace-image-courtesy-Decorilla-768x1024.jpg 768w, https:\/\/www.decorilla.com\/online-decorating\/wp-content\/uploads\/2025\/10\/Old-chapel-of-the-Valeriola-Palace-image-courtesy-Decorilla-225x300.jpg 225w, https:\/\/www.decorilla.com\/online-decorating\/wp-content\/uploads\/2025\/10\/Old-chapel-of-the-Valeriola-Palace-image-courtesy-Decorilla-1152x1536.jpg 1152w, https:\/\/www.decorilla.com\/online-decorating\/wp-content\/uploads\/2025\/10\/Old-chapel-of-the-Valeriola-Palace-image-courtesy-Decorilla.jpg 1200w\" sizes=\"(max-width: 768px) 100vw, 768px\" \/><figcaption class=\"wp-element-caption\">Antigua capilla del Palacio Valeriola, vidrieras de Sean Scully; imagen cortes\u00eda de <strong><a href=\"https:\/\/www.decorilla.com\/?from=blog-HortensiaHerrero-cap3\">Decorilla<\/a><\/strong><\/figcaption><\/figure>\n\n\n\n<p>Sean Scully transform\u00f3 la antigua capilla con vidrieras y pinturas contemplativas que dialogan con los frescos del techo originales del pintor valenciano del siglo XIX Juan Sorolla y sus alumnos. El \u00faltimo piso, que alguna vez fue un \u00e1tico para secar ropa y alimentos, ahora alberga obras de Tony Cragg y El Anatsui. Los dibujos y escritos del siglo XVII originales todav\u00eda est\u00e1n en las paredes, contribuyendo a una narrativa que abarca milenios.<\/p>\n\n\n\n<figure class=\"wp-block-image size-large\"><img loading=\"lazy\" decoding=\"async\" width=\"1024\" height=\"683\" src=\"https:\/\/www.decorilla.com\/online-decorating\/wp-content\/uploads\/2025\/10\/Hortensia-Herrero-Art-Center-interior-image-courtesy-CAHH-1024x683.jpg\" alt=\"Interior del Centro de Arte Hortensia Herrero, imagen cortes\u00eda CAHH\" class=\"wp-image-346952\" srcset=\"https:\/\/www.decorilla.com\/online-decorating\/wp-content\/uploads\/2025\/10\/Hortensia-Herrero-Art-Center-interior-image-courtesy-CAHH-1024x683.jpg 1024w, https:\/\/www.decorilla.com\/online-decorating\/wp-content\/uploads\/2025\/10\/Hortensia-Herrero-Art-Center-interior-image-courtesy-CAHH-300x200.jpg 300w, https:\/\/www.decorilla.com\/online-decorating\/wp-content\/uploads\/2025\/10\/Hortensia-Herrero-Art-Center-interior-image-courtesy-CAHH-768x512.jpg 768w, https:\/\/www.decorilla.com\/online-decorating\/wp-content\/uploads\/2025\/10\/Hortensia-Herrero-Art-Center-interior-image-courtesy-CAHH.jpg 1536w\" sizes=\"(max-width: 1024px) 100vw, 1024px\" \/><figcaption class=\"wp-element-caption\">Interior del Centro de Arte Hortensia Herrero; imagen cortes\u00eda: CAHH<\/figcaption><\/figure>\n\n\n\n<p>El mundo del arte internacional ha tomado nota. En 2024, The New York Times seleccion\u00f3 el Centro de Arte como uno de los \u00fanicos 52 lugares para visitar en todo el mundo, y el \u00fanico destino espa\u00f1ol en la lista. Este reconocimiento lleg\u00f3 solo unos meses despu\u00e9s de su apertura, validando la visi\u00f3n de Herrero de que los valencianos no deber\u00edan tener que viajar a Par\u00eds, Nueva York o Londres para experimentar el arte contempor\u00e1neo de vanguardia.<\/p>\n\n\n\n<h2 class=\"wp-block-heading\"><strong>M\u00e1s all\u00e1 de los muros del Palacio<\/strong><\/h2>\n\n\n\n<figure class=\"wp-block-image size-large\"><img loading=\"lazy\" decoding=\"async\" width=\"1024\" height=\"680\" src=\"https:\/\/www.decorilla.com\/online-decorating\/wp-content\/uploads\/2025\/10\/Paintings-of-San-Nicholas-Church-image-courtesy-Fundacion-Hortensia-Herrero-1024x680.jpg\" alt=\"Pinturas de la Iglesia de San Nicol\u00e1s, imagen cortes\u00eda Fundaci\u00f3n Hortensia Herrero\" class=\"wp-image-346948\" srcset=\"https:\/\/www.decorilla.com\/online-decorating\/wp-content\/uploads\/2025\/10\/Paintings-of-San-Nicholas-Church-image-courtesy-Fundacion-Hortensia-Herrero-1024x680.jpg 1024w, https:\/\/www.decorilla.com\/online-decorating\/wp-content\/uploads\/2025\/10\/Paintings-of-San-Nicholas-Church-image-courtesy-Fundacion-Hortensia-Herrero-300x199.jpg 300w, https:\/\/www.decorilla.com\/online-decorating\/wp-content\/uploads\/2025\/10\/Paintings-of-San-Nicholas-Church-image-courtesy-Fundacion-Hortensia-Herrero-768x510.jpg 768w, https:\/\/www.decorilla.com\/online-decorating\/wp-content\/uploads\/2025\/10\/Paintings-of-San-Nicholas-Church-image-courtesy-Fundacion-Hortensia-Herrero-1536x1020.jpg 1536w, https:\/\/www.decorilla.com\/online-decorating\/wp-content\/uploads\/2025\/10\/Paintings-of-San-Nicholas-Church-image-courtesy-Fundacion-Hortensia-Herrero.jpg 2048w\" sizes=\"(max-width: 1024px) 100vw, 1024px\" \/><figcaption class=\"wp-element-caption\">Pinturas de la Iglesia de San Nicol\u00e1s; imagen cortes\u00eda: Fundaci\u00f3n Hortensia Herrero<\/figcaption><\/figure>\n\n\n\n<p>Mientras el Centro de Arte acapara los titulares, el amplio trabajo de restauraci\u00f3n de la Fundaci\u00f3n ha transformado silenciosamente el paisaje cultural de Valencia. La Iglesia de San Nicol\u00e1s, ahora conocida como la &#8220;Capilla Sixtina&#8221; de Valencia por sus magn\u00edficos frescos barrocos, atrae a visitantes de todo el mundo. El Museo de la Seda preserva el patrimonio textil de la ciudad. La restauraci\u00f3n en curso de la Iglesia de los Santos Juanes, con sus importantes frescos de Palomino, promete ser otra joya en la corona cultural de Valencia cuando se complete en 2025.<\/p>\n\n\n\n<figure class=\"wp-block-image size-large\"><img loading=\"lazy\" decoding=\"async\" width=\"1024\" height=\"680\" src=\"https:\/\/www.decorilla.com\/online-decorating\/wp-content\/uploads\/2025\/10\/Restoration-of-the-Church-of-Santos-Juanes-image-courtesy-Fundacion-Hortensia-Herrero-1024x680.jpg\" alt=\"Restauraci\u00f3n de la Iglesia de los Santos Juanes, imagen cortes\u00eda Fundaci\u00f3n Hortensia Herrero\" class=\"wp-image-346949\" srcset=\"https:\/\/www.decorilla.com\/online-decorating\/wp-content\/uploads\/2025\/10\/Restoration-of-the-Church-of-Santos-Juanes-image-courtesy-Fundacion-Hortensia-Herrero-1024x680.jpg 1024w, https:\/\/www.decorilla.com\/online-decorating\/wp-content\/uploads\/2025\/10\/Restoration-of-the-Church-of-Santos-Juanes-image-courtesy-Fundacion-Hortensia-Herrero-300x199.jpg 300w, https:\/\/www.decorilla.com\/online-decorating\/wp-content\/uploads\/2025\/10\/Restoration-of-the-Church-of-Santos-Juanes-image-courtesy-Fundacion-Hortensia-Herrero-768x510.jpg 768w, https:\/\/www.decorilla.com\/online-decorating\/wp-content\/uploads\/2025\/10\/Restoration-of-the-Church-of-Santos-Juanes-image-courtesy-Fundacion-Hortensia-Herrero.jpg 1257w\" sizes=\"(max-width: 1024px) 100vw, 1024px\" \/><figcaption class=\"wp-element-caption\">Restauraci\u00f3n de la Iglesia de Santos Juanes; imagen cortes\u00eda: Fundaci\u00f3n Hortensia Herrero<\/figcaption><\/figure>\n\n\n\n<p>Estos proyectos comparten un hilo conductor notable: la sostenibilidad. Cada restauraci\u00f3n est\u00e1 dise\u00f1ada no solo para preservar el pasado, sino para generar recursos para su propio mantenimiento mientras fomenta el empleo y atrae un turismo profundo. Los n\u00fameros cuentan la historia: m\u00e1s de 200,000 visitantes al Centro de Arte en su primer a\u00f1o, con m\u00e1s de 30,000 turistas internacionales a\u00f1adi\u00e9ndolo a sus listas imprescindibles junto a la Catedral de Valencia y la Ciudad de las Artes y las Ciencias.<\/p>\n\n\n\n<h2 class=\"wp-block-heading\"><strong>La Danza como Transformaci\u00f3n Social<\/strong><\/h2>\n\n\n\n<figure class=\"wp-block-image size-large\"><img loading=\"lazy\" decoding=\"async\" width=\"1024\" height=\"577\" src=\"https:\/\/www.decorilla.com\/online-decorating\/wp-content\/uploads\/2025\/10\/Somos-Arte-image-courtesy-Fundacion-Hortensia-Herrero-1024x577.jpg\" alt=\"Somos Arte, imagen cortes\u00eda Fundaci\u00f3n Hortensia Herrero\" class=\"wp-image-346950\" srcset=\"https:\/\/www.decorilla.com\/online-decorating\/wp-content\/uploads\/2025\/10\/Somos-Arte-image-courtesy-Fundacion-Hortensia-Herrero-1024x577.jpg 1024w, https:\/\/www.decorilla.com\/online-decorating\/wp-content\/uploads\/2025\/10\/Somos-Arte-image-courtesy-Fundacion-Hortensia-Herrero-300x169.jpg 300w, https:\/\/www.decorilla.com\/online-decorating\/wp-content\/uploads\/2025\/10\/Somos-Arte-image-courtesy-Fundacion-Hortensia-Herrero-768x433.jpg 768w, https:\/\/www.decorilla.com\/online-decorating\/wp-content\/uploads\/2025\/10\/Somos-Arte-image-courtesy-Fundacion-Hortensia-Herrero.jpg 1230w\" sizes=\"(max-width: 1024px) 100vw, 1024px\" \/><figcaption class=\"wp-element-caption\">Somos Arte, imagen cortes\u00eda Fundaci\u00f3n Hortensia Herrero<\/figcaption><\/figure>\n\n\n\n<p>El compromiso de la Fundaci\u00f3n con la danza revela otra dimensi\u00f3n de su impacto social. El Campus Internacional de Danza de Valencia, ahora en su 15\u00aa edici\u00f3n, se ha convertido en un acontecimiento veraniego, reuniendo a bailarines de todo el mundo. Pero quiz\u00e1s lo m\u00e1s conmovedor es el programa Ballet Vale+, dirigido por Esther Mortes, donde los ni\u00f1os con par\u00e1lisis cerebral practican ballet para mejorar sus habilidades motoras, un perfecto ejemplo de c\u00f3mo la alta cultura puede atender profundas necesidades sociales.<\/p>\n\n\n\n<p>Mientras tanto, las visitas escolares al Centro de Arte presentan a los ni\u00f1os sus primeros encuentros con el arte contempor\u00e1neo. &#8220;Ver a los ni\u00f1os experimentar su primer contacto con el arte, la escultura y la pintura es realmente gratificante,&#8221; se\u00f1ala la Fundaci\u00f3n.<\/p>\n\n\n\n<h2 class=\"wp-block-heading\"><strong>Un Modelo para el Futuro<\/strong><\/h2>\n\n\n\n<figure class=\"wp-block-image size-large\"><img loading=\"lazy\" decoding=\"async\" width=\"1024\" height=\"683\" src=\"https:\/\/www.decorilla.com\/online-decorating\/wp-content\/uploads\/2025\/10\/Hortensia-Herrero-Foundation-and-Art-Center-1024x683.jpg\" alt=\"Instalaciones CAHH (de izquierda a derecha), Reina Mariana de Manolo Vald\u00e9s, Runner de Tony Cragg, Street 3 de Julian Opie, fotos cortes\u00eda de Decorilla\" class=\"wp-image-347041\" srcset=\"https:\/\/www.decorilla.com\/online-decorating\/wp-content\/uploads\/2025\/10\/Hortensia-Herrero-Foundation-and-Art-Center-1024x683.jpg 1024w, https:\/\/www.decorilla.com\/online-decorating\/wp-content\/uploads\/2025\/10\/Hortensia-Herrero-Foundation-and-Art-Center-300x200.jpg 300w, https:\/\/www.decorilla.com\/online-decorating\/wp-content\/uploads\/2025\/10\/Hortensia-Herrero-Foundation-and-Art-Center-768x512.jpg 768w, https:\/\/www.decorilla.com\/online-decorating\/wp-content\/uploads\/2025\/10\/Hortensia-Herrero-Foundation-and-Art-Center-1536x1024.jpg 1536w, https:\/\/www.decorilla.com\/online-decorating\/wp-content\/uploads\/2025\/10\/Hortensia-Herrero-Foundation-and-Art-Center-2048x1365.jpg 2048w\" sizes=\"(max-width: 1024px) 100vw, 1024px\" \/><figcaption class=\"wp-element-caption\">Instalaciones CAHH (de izquierda a derecha), <em>Reina Mariana<\/em> de Manolo Vald\u00e9s, <em>Runner<\/em> de Tony Cragg, <em>Street 3<\/em> de Julian Opie, fotos cortes\u00eda de <strong><a href=\"https:\/\/www.decorilla.com\/?from=blog-HortensiaHerrero-cap4\">Decorilla<\/a><\/strong><\/figcaption><\/figure>\n\n\n\n<p>Lo que hace a la Fundaci\u00f3n Hortensia Herrero particularmente atractiva es su naturaleza h\u00edbrida. Intensamente personal pero ejecutada profesionalmente, con ra\u00edces locales pero ambiciosa internacionalmente, basada en la historia pero contempor\u00e1nea en perspectiva. Representa un nuevo modelo de filantrop\u00eda cultural donde la pasi\u00f3n privada sirve al bien p\u00fablico sin perder su car\u00e1cter distintivo.<\/p>\n\n\n\n<p>Como dice Herrero, la mayor satisfacci\u00f3n llega &#8220;cuando la gente de Valencia puede disfrutar del arte y la cultura.&#8221;<\/p>\n\n\n<div class=\"decorilla-banner-row\">\n    <a href=\"\/apply?from=blog-HortensiaHerrero-bannerFChome&pi=MzQ3MDQ1\">\n        <img decoding=\"async\" class=\"sdc-desktop-banner\" src=\"https:\/\/www.decorilla.com\/online-decorating\/wp-content\/uploads\/2025\/09\/design-consultation-home-banner-desktop-scaled.webp\" alt=\"Banner\" width=\"100%\" height=\"auto\">\n        <img decoding=\"async\" class=\"sdc-mobile-banner\" src=\"https:\/\/www.decorilla.com\/online-decorating\/wp-content\/uploads\/2025\/09\/design-consultation-home-banner-mobile.webp\" alt=\"Banner\" width=\"100%\" height=\"auto\">\n    <\/a>\n<\/div>\n<style>\n    .sdc-mobile-banner { display: none; }\n    @media (max-width: 767px) {\n        .sdc-desktop-banner { display: none; }\n        .sdc-mobile-banner { display: block; }\n    }\n<\/style>\n","protected":false},"excerpt":{"rendered":"<p>En el coraz\u00f3n de Valencia, donde los artesanos medievales una vez dieron forma a la identidad cultural de la ciudad, se est\u00e1 produciendo una transformaci\u00f3n notable. La Fundaci\u00f3n Hortensia Herrero, establecida en 2012, ha estado dando nueva vida a monumentos centenarios, mientras posiciona a Valencia como un destino de arte contempor\u00e1neo digno de reconocimiento internacional. [&hellip;]<\/p>\n","protected":false},"author":20,"featured_media":346953,"comment_status":"closed","ping_status":"open","sticky":false,"template":"","format":"standard","meta":{"footnotes":""},"categories":[222402],"tags":[],"class_list":["post-347045","post","type-post","status-publish","format-standard","has-post-thumbnail","hentry","category-tendencias-de-interiorismo"],"acf":[],"yoast_head":"<!-- This site is optimized with the Yoast SEO plugin v23.7 - https:\/\/yoast.com\/wordpress\/plugins\/seo\/ -->\n<title>Fundaci\u00f3n Hortensia Herrero a la vanguardia del renacimiento cultural de Valencia - Decorilla Online Interior Design<\/title>\n<meta name=\"description\" content=\"Dentro de la escena art\u00edstica en evoluci\u00f3n de Valencia moldeada por la visi\u00f3n de la Fundaci\u00f3n Hortensia Herrero para el patrimonio y la renovaci\u00f3n.\" \/>\n<meta name=\"robots\" content=\"index, follow, max-snippet:-1, max-image-preview:large, max-video-preview:-1\" \/>\n<link rel=\"canonical\" href=\"https:\/\/www.decorilla.com\/online-decorating\/es\/fundacion-hortensia-herrero\/\" \/>\n<meta property=\"og:locale\" content=\"en_US\" \/>\n<meta property=\"og:type\" content=\"article\" \/>\n<meta property=\"og:title\" content=\"Fundaci\u00f3n Hortensia Herrero a la vanguardia del renacimiento cultural de Valencia - Decorilla Online Interior Design\" \/>\n<meta property=\"og:description\" content=\"Dentro de la escena art\u00edstica en evoluci\u00f3n de Valencia moldeada por la visi\u00f3n de la Fundaci\u00f3n Hortensia Herrero para el patrimonio y la renovaci\u00f3n.\" \/>\n<meta property=\"og:url\" content=\"https:\/\/www.decorilla.com\/online-decorating\/es\/fundacion-hortensia-herrero\/\" \/>\n<meta property=\"og:site_name\" content=\"Decorilla Online Interior Design\" \/>\n<meta property=\"article:published_time\" content=\"2025-10-23T22:13:46+00:00\" \/>\n<meta property=\"article:modified_time\" content=\"2025-10-27T14:25:40+00:00\" \/>\n<meta property=\"og:image\" content=\"https:\/\/www.decorilla.com\/online-decorating\/wp-content\/uploads\/2025\/10\/Hortensia-Herrero-Art-Center-exhibition-image-courtesy-CAHH.jpg\" \/>\n\t<meta property=\"og:image:width\" content=\"1730\" \/>\n\t<meta property=\"og:image:height\" content=\"1338\" \/>\n\t<meta property=\"og:image:type\" content=\"image\/jpeg\" \/>\n<meta name=\"author\" content=\"Danielle Babler\" \/>\n<meta name=\"twitter:card\" content=\"summary_large_image\" \/>\n<meta name=\"twitter:label1\" content=\"Written by\" \/>\n\t<meta name=\"twitter:data1\" content=\"Danielle Babler\" \/>\n\t<meta name=\"twitter:label2\" content=\"Est. reading time\" \/>\n\t<meta name=\"twitter:data2\" content=\"9 minutes\" \/>\n<script type=\"application\/ld+json\" class=\"yoast-schema-graph\">{\"@context\":\"https:\/\/schema.org\",\"@graph\":[{\"@type\":\"Article\",\"@id\":\"https:\/\/www.decorilla.com\/online-decorating\/es\/fundacion-hortensia-herrero\/#article\",\"isPartOf\":{\"@id\":\"https:\/\/www.decorilla.com\/online-decorating\/es\/fundacion-hortensia-herrero\/\"},\"author\":{\"name\":\"Danielle Babler\",\"@id\":\"https:\/\/www.decorilla.com\/online-decorating\/#\/schema\/person\/a60df80034b711beb4f0b698ccc2d61c\"},\"headline\":\"Fundaci\u00f3n Hortensia Herrero a la vanguardia del renacimiento cultural de Valencia\",\"datePublished\":\"2025-10-23T22:13:46+00:00\",\"dateModified\":\"2025-10-27T14:25:40+00:00\",\"mainEntityOfPage\":{\"@id\":\"https:\/\/www.decorilla.com\/online-decorating\/es\/fundacion-hortensia-herrero\/\"},\"wordCount\":1446,\"publisher\":{\"@id\":\"https:\/\/www.decorilla.com\/online-decorating\/#organization\"},\"image\":{\"@id\":\"https:\/\/www.decorilla.com\/online-decorating\/es\/fundacion-hortensia-herrero\/#primaryimage\"},\"thumbnailUrl\":\"https:\/\/www.decorilla.com\/online-decorating\/wp-content\/uploads\/2025\/10\/Hortensia-Herrero-Art-Center-exhibition-image-courtesy-CAHH.jpg\",\"articleSection\":[\"Tendencias de Interiorismo\"],\"inLanguage\":\"en-US\"},{\"@type\":\"WebPage\",\"@id\":\"https:\/\/www.decorilla.com\/online-decorating\/es\/fundacion-hortensia-herrero\/\",\"url\":\"https:\/\/www.decorilla.com\/online-decorating\/es\/fundacion-hortensia-herrero\/\",\"name\":\"Fundaci\u00f3n Hortensia Herrero a la vanguardia del renacimiento cultural de Valencia - Decorilla Online Interior Design\",\"isPartOf\":{\"@id\":\"https:\/\/www.decorilla.com\/online-decorating\/#website\"},\"primaryImageOfPage\":{\"@id\":\"https:\/\/www.decorilla.com\/online-decorating\/es\/fundacion-hortensia-herrero\/#primaryimage\"},\"image\":{\"@id\":\"https:\/\/www.decorilla.com\/online-decorating\/es\/fundacion-hortensia-herrero\/#primaryimage\"},\"thumbnailUrl\":\"https:\/\/www.decorilla.com\/online-decorating\/wp-content\/uploads\/2025\/10\/Hortensia-Herrero-Art-Center-exhibition-image-courtesy-CAHH.jpg\",\"datePublished\":\"2025-10-23T22:13:46+00:00\",\"dateModified\":\"2025-10-27T14:25:40+00:00\",\"description\":\"Dentro de la escena art\u00edstica en evoluci\u00f3n de Valencia moldeada por la visi\u00f3n de la Fundaci\u00f3n Hortensia Herrero para el patrimonio y la renovaci\u00f3n.\",\"breadcrumb\":{\"@id\":\"https:\/\/www.decorilla.com\/online-decorating\/es\/fundacion-hortensia-herrero\/#breadcrumb\"},\"inLanguage\":\"en-US\",\"potentialAction\":[{\"@type\":\"ReadAction\",\"target\":[\"https:\/\/www.decorilla.com\/online-decorating\/es\/fundacion-hortensia-herrero\/\"]}]},{\"@type\":\"ImageObject\",\"inLanguage\":\"en-US\",\"@id\":\"https:\/\/www.decorilla.com\/online-decorating\/es\/fundacion-hortensia-herrero\/#primaryimage\",\"url\":\"https:\/\/www.decorilla.com\/online-decorating\/wp-content\/uploads\/2025\/10\/Hortensia-Herrero-Art-Center-exhibition-image-courtesy-CAHH.jpg\",\"contentUrl\":\"https:\/\/www.decorilla.com\/online-decorating\/wp-content\/uploads\/2025\/10\/Hortensia-Herrero-Art-Center-exhibition-image-courtesy-CAHH.jpg\",\"width\":1730,\"height\":1338,\"caption\":\"Hortensia Herrero Art Center exhibition, image courtesy CAHH\"},{\"@type\":\"BreadcrumbList\",\"@id\":\"https:\/\/www.decorilla.com\/online-decorating\/es\/fundacion-hortensia-herrero\/#breadcrumb\",\"itemListElement\":[{\"@type\":\"ListItem\",\"position\":1,\"name\":\"Home\",\"item\":\"https:\/\/www.decorilla.com\/online-decorating\/\"},{\"@type\":\"ListItem\",\"position\":2,\"name\":\"Fundaci\u00f3n Hortensia Herrero a la vanguardia del renacimiento cultural de Valencia\"}]},{\"@type\":\"WebSite\",\"@id\":\"https:\/\/www.decorilla.com\/online-decorating\/#website\",\"url\":\"https:\/\/www.decorilla.com\/online-decorating\/\",\"name\":\"Decorilla Online Interior Design\",\"description\":\"\",\"publisher\":{\"@id\":\"https:\/\/www.decorilla.com\/online-decorating\/#organization\"},\"potentialAction\":[{\"@type\":\"SearchAction\",\"target\":{\"@type\":\"EntryPoint\",\"urlTemplate\":\"https:\/\/www.decorilla.com\/online-decorating\/?s={search_term_string}\"},\"query-input\":{\"@type\":\"PropertyValueSpecification\",\"valueRequired\":true,\"valueName\":\"search_term_string\"}}],\"inLanguage\":\"en-US\"},{\"@type\":\"Organization\",\"@id\":\"https:\/\/www.decorilla.com\/online-decorating\/#organization\",\"name\":\"Decorilla Online Interior Design\",\"url\":\"https:\/\/www.decorilla.com\/online-decorating\/\",\"logo\":{\"@type\":\"ImageObject\",\"inLanguage\":\"en-US\",\"@id\":\"https:\/\/www.decorilla.com\/online-decorating\/#\/schema\/logo\/image\/\",\"url\":\"https:\/\/www.decorilla.com\/online-decorating\/wp-content\/uploads\/2024\/01\/Decorilla-Logo-Black.png\",\"contentUrl\":\"https:\/\/www.decorilla.com\/online-decorating\/wp-content\/uploads\/2024\/01\/Decorilla-Logo-Black.png\",\"width\":1366,\"height\":268,\"caption\":\"Decorilla Online Interior Design\"},\"image\":{\"@id\":\"https:\/\/www.decorilla.com\/online-decorating\/#\/schema\/logo\/image\/\"}},{\"@type\":\"Person\",\"@id\":\"https:\/\/www.decorilla.com\/online-decorating\/#\/schema\/person\/a60df80034b711beb4f0b698ccc2d61c\",\"name\":\"Danielle Babler\",\"image\":{\"@type\":\"ImageObject\",\"inLanguage\":\"en-US\",\"@id\":\"https:\/\/www.decorilla.com\/online-decorating\/#\/schema\/person\/image\/\",\"url\":\"https:\/\/secure.gravatar.com\/avatar\/d4f24e8443868ce8449c1a3aaa68edaf?s=96&d=mm&r=g\",\"contentUrl\":\"https:\/\/secure.gravatar.com\/avatar\/d4f24e8443868ce8449c1a3aaa68edaf?s=96&d=mm&r=g\",\"caption\":\"Danielle Babler\"},\"url\":\"https:\/\/www.decorilla.com\/online-decorating\/author\/danielle\/\"}]}<\/script>\n<!-- \/ Yoast SEO plugin. -->","yoast_head_json":{"title":"Fundaci\u00f3n Hortensia Herrero a la vanguardia del renacimiento cultural de Valencia - Decorilla Online Interior Design","description":"Dentro de la escena art\u00edstica en evoluci\u00f3n de Valencia moldeada por la visi\u00f3n de la Fundaci\u00f3n Hortensia Herrero para el patrimonio y la renovaci\u00f3n.","robots":{"index":"index","follow":"follow","max-snippet":"max-snippet:-1","max-image-preview":"max-image-preview:large","max-video-preview":"max-video-preview:-1"},"canonical":"https:\/\/www.decorilla.com\/online-decorating\/es\/fundacion-hortensia-herrero\/","og_locale":"en_US","og_type":"article","og_title":"Fundaci\u00f3n Hortensia Herrero a la vanguardia del renacimiento cultural de Valencia - Decorilla Online Interior Design","og_description":"Dentro de la escena art\u00edstica en evoluci\u00f3n de Valencia moldeada por la visi\u00f3n de la Fundaci\u00f3n Hortensia Herrero para el patrimonio y la renovaci\u00f3n.","og_url":"https:\/\/www.decorilla.com\/online-decorating\/es\/fundacion-hortensia-herrero\/","og_site_name":"Decorilla Online Interior Design","article_published_time":"2025-10-23T22:13:46+00:00","article_modified_time":"2025-10-27T14:25:40+00:00","og_image":[{"width":1730,"height":1338,"url":"https:\/\/www.decorilla.com\/online-decorating\/wp-content\/uploads\/2025\/10\/Hortensia-Herrero-Art-Center-exhibition-image-courtesy-CAHH.jpg","type":"image\/jpeg"}],"author":"Danielle Babler","twitter_card":"summary_large_image","twitter_misc":{"Written by":"Danielle Babler","Est. reading time":"9 minutes"},"schema":{"@context":"https:\/\/schema.org","@graph":[{"@type":"Article","@id":"https:\/\/www.decorilla.com\/online-decorating\/es\/fundacion-hortensia-herrero\/#article","isPartOf":{"@id":"https:\/\/www.decorilla.com\/online-decorating\/es\/fundacion-hortensia-herrero\/"},"author":{"name":"Danielle Babler","@id":"https:\/\/www.decorilla.com\/online-decorating\/#\/schema\/person\/a60df80034b711beb4f0b698ccc2d61c"},"headline":"Fundaci\u00f3n Hortensia Herrero a la vanguardia del renacimiento cultural de Valencia","datePublished":"2025-10-23T22:13:46+00:00","dateModified":"2025-10-27T14:25:40+00:00","mainEntityOfPage":{"@id":"https:\/\/www.decorilla.com\/online-decorating\/es\/fundacion-hortensia-herrero\/"},"wordCount":1446,"publisher":{"@id":"https:\/\/www.decorilla.com\/online-decorating\/#organization"},"image":{"@id":"https:\/\/www.decorilla.com\/online-decorating\/es\/fundacion-hortensia-herrero\/#primaryimage"},"thumbnailUrl":"https:\/\/www.decorilla.com\/online-decorating\/wp-content\/uploads\/2025\/10\/Hortensia-Herrero-Art-Center-exhibition-image-courtesy-CAHH.jpg","articleSection":["Tendencias de Interiorismo"],"inLanguage":"en-US"},{"@type":"WebPage","@id":"https:\/\/www.decorilla.com\/online-decorating\/es\/fundacion-hortensia-herrero\/","url":"https:\/\/www.decorilla.com\/online-decorating\/es\/fundacion-hortensia-herrero\/","name":"Fundaci\u00f3n Hortensia Herrero a la vanguardia del renacimiento cultural de Valencia - Decorilla Online Interior Design","isPartOf":{"@id":"https:\/\/www.decorilla.com\/online-decorating\/#website"},"primaryImageOfPage":{"@id":"https:\/\/www.decorilla.com\/online-decorating\/es\/fundacion-hortensia-herrero\/#primaryimage"},"image":{"@id":"https:\/\/www.decorilla.com\/online-decorating\/es\/fundacion-hortensia-herrero\/#primaryimage"},"thumbnailUrl":"https:\/\/www.decorilla.com\/online-decorating\/wp-content\/uploads\/2025\/10\/Hortensia-Herrero-Art-Center-exhibition-image-courtesy-CAHH.jpg","datePublished":"2025-10-23T22:13:46+00:00","dateModified":"2025-10-27T14:25:40+00:00","description":"Dentro de la escena art\u00edstica en evoluci\u00f3n de Valencia moldeada por la visi\u00f3n de la Fundaci\u00f3n Hortensia Herrero para el patrimonio y la renovaci\u00f3n.","breadcrumb":{"@id":"https:\/\/www.decorilla.com\/online-decorating\/es\/fundacion-hortensia-herrero\/#breadcrumb"},"inLanguage":"en-US","potentialAction":[{"@type":"ReadAction","target":["https:\/\/www.decorilla.com\/online-decorating\/es\/fundacion-hortensia-herrero\/"]}]},{"@type":"ImageObject","inLanguage":"en-US","@id":"https:\/\/www.decorilla.com\/online-decorating\/es\/fundacion-hortensia-herrero\/#primaryimage","url":"https:\/\/www.decorilla.com\/online-decorating\/wp-content\/uploads\/2025\/10\/Hortensia-Herrero-Art-Center-exhibition-image-courtesy-CAHH.jpg","contentUrl":"https:\/\/www.decorilla.com\/online-decorating\/wp-content\/uploads\/2025\/10\/Hortensia-Herrero-Art-Center-exhibition-image-courtesy-CAHH.jpg","width":1730,"height":1338,"caption":"Hortensia Herrero Art Center exhibition, image courtesy CAHH"},{"@type":"BreadcrumbList","@id":"https:\/\/www.decorilla.com\/online-decorating\/es\/fundacion-hortensia-herrero\/#breadcrumb","itemListElement":[{"@type":"ListItem","position":1,"name":"Home","item":"https:\/\/www.decorilla.com\/online-decorating\/"},{"@type":"ListItem","position":2,"name":"Fundaci\u00f3n Hortensia Herrero a la vanguardia del renacimiento cultural de Valencia"}]},{"@type":"WebSite","@id":"https:\/\/www.decorilla.com\/online-decorating\/#website","url":"https:\/\/www.decorilla.com\/online-decorating\/","name":"Decorilla Online Interior Design","description":"","publisher":{"@id":"https:\/\/www.decorilla.com\/online-decorating\/#organization"},"potentialAction":[{"@type":"SearchAction","target":{"@type":"EntryPoint","urlTemplate":"https:\/\/www.decorilla.com\/online-decorating\/?s={search_term_string}"},"query-input":{"@type":"PropertyValueSpecification","valueRequired":true,"valueName":"search_term_string"}}],"inLanguage":"en-US"},{"@type":"Organization","@id":"https:\/\/www.decorilla.com\/online-decorating\/#organization","name":"Decorilla Online Interior Design","url":"https:\/\/www.decorilla.com\/online-decorating\/","logo":{"@type":"ImageObject","inLanguage":"en-US","@id":"https:\/\/www.decorilla.com\/online-decorating\/#\/schema\/logo\/image\/","url":"https:\/\/www.decorilla.com\/online-decorating\/wp-content\/uploads\/2024\/01\/Decorilla-Logo-Black.png","contentUrl":"https:\/\/www.decorilla.com\/online-decorating\/wp-content\/uploads\/2024\/01\/Decorilla-Logo-Black.png","width":1366,"height":268,"caption":"Decorilla Online Interior Design"},"image":{"@id":"https:\/\/www.decorilla.com\/online-decorating\/#\/schema\/logo\/image\/"}},{"@type":"Person","@id":"https:\/\/www.decorilla.com\/online-decorating\/#\/schema\/person\/a60df80034b711beb4f0b698ccc2d61c","name":"Danielle Babler","image":{"@type":"ImageObject","inLanguage":"en-US","@id":"https:\/\/www.decorilla.com\/online-decorating\/#\/schema\/person\/image\/","url":"https:\/\/secure.gravatar.com\/avatar\/d4f24e8443868ce8449c1a3aaa68edaf?s=96&d=mm&r=g","contentUrl":"https:\/\/secure.gravatar.com\/avatar\/d4f24e8443868ce8449c1a3aaa68edaf?s=96&d=mm&r=g","caption":"Danielle Babler"},"url":"https:\/\/www.decorilla.com\/online-decorating\/author\/danielle\/"}]}},"_links":{"self":[{"href":"https:\/\/www.decorilla.com\/online-decorating\/wp-json\/wp\/v2\/posts\/347045"}],"collection":[{"href":"https:\/\/www.decorilla.com\/online-decorating\/wp-json\/wp\/v2\/posts"}],"about":[{"href":"https:\/\/www.decorilla.com\/online-decorating\/wp-json\/wp\/v2\/types\/post"}],"author":[{"embeddable":true,"href":"https:\/\/www.decorilla.com\/online-decorating\/wp-json\/wp\/v2\/users\/20"}],"replies":[{"embeddable":true,"href":"https:\/\/www.decorilla.com\/online-decorating\/wp-json\/wp\/v2\/comments?post=347045"}],"version-history":[{"count":3,"href":"https:\/\/www.decorilla.com\/online-decorating\/wp-json\/wp\/v2\/posts\/347045\/revisions"}],"predecessor-version":[{"id":347835,"href":"https:\/\/www.decorilla.com\/online-decorating\/wp-json\/wp\/v2\/posts\/347045\/revisions\/347835"}],"wp:featuredmedia":[{"embeddable":true,"href":"https:\/\/www.decorilla.com\/online-decorating\/wp-json\/wp\/v2\/media\/346953"}],"wp:attachment":[{"href":"https:\/\/www.decorilla.com\/online-decorating\/wp-json\/wp\/v2\/media?parent=347045"}],"wp:term":[{"taxonomy":"category","embeddable":true,"href":"https:\/\/www.decorilla.com\/online-decorating\/wp-json\/wp\/v2\/categories?post=347045"},{"taxonomy":"post_tag","embeddable":true,"href":"https:\/\/www.decorilla.com\/online-decorating\/wp-json\/wp\/v2\/tags?post=347045"}],"curies":[{"name":"wp","href":"https:\/\/api.w.org\/{rel}","templated":true}]}}